{"id":2817,"date":"2026-03-10T21:00:00","date_gmt":"2026-03-10T21:00:00","guid":{"rendered":"https:\/\/gremiodelabradoresalcoy.com\/?p=2817"},"modified":"2026-03-11T18:26:23","modified_gmt":"2026-03-11T18:26:23","slug":"ano-jubilar-alcoy-2026","status":"publish","type":"post","link":"https:\/\/gremiodelabradoresalcoy.com\/index.php\/2026\/03\/10\/ano-jubilar-alcoy-2026\/","title":{"rendered":"A\u00d1O JUBILAR &#8211; ALCOY 2026"},"content":{"rendered":"<div class='booster-block booster-read-block'>\n                <div class=\"twp-read-time\">\n                \t<i class=\"booster-icon twp-clock\"><\/i> <span>Read Time:<\/span>21 Second                <\/div>\n\n            <\/div>\n<div class=\"wp-block-media-text is-stacked-on-mobile\" style=\"grid-template-columns:30% auto\"><figure class=\"wp-block-media-text__media\"><a href=\"https:\/\/gremiodelabradoresalcoy.com\/wp-content\/uploads\/2026\/03\/Ano_Jubilar_Alcoy_2026-1.png\"><img loading=\"lazy\" decoding=\"async\" width=\"724\" height=\"1024\" src=\"https:\/\/gremiodelabradoresalcoy.com\/wp-content\/uploads\/2026\/03\/Ano_Jubilar_Alcoy_2026-1-724x1024.png\" alt=\"\" class=\"wp-image-2819 size-full\" srcset=\"https:\/\/gremiodelabradoresalcoy.com\/wp-content\/uploads\/2026\/03\/Ano_Jubilar_Alcoy_2026-1-724x1024.png 724w, https:\/\/gremiodelabradoresalcoy.com\/wp-content\/uploads\/2026\/03\/Ano_Jubilar_Alcoy_2026-1-212x300.png 212w, https:\/\/gremiodelabradoresalcoy.com\/wp-content\/uploads\/2026\/03\/Ano_Jubilar_Alcoy_2026-1-768x1086.png 768w, https:\/\/gremiodelabradoresalcoy.com\/wp-content\/uploads\/2026\/03\/Ano_Jubilar_Alcoy_2026-1.png 908w\" sizes=\"auto, (max-width: 724px) 100vw, 724px\" \/><\/a><\/figure><div class=\"wp-block-media-text__content\">\n<p class=\"has-medium-font-size\"><strong>\u00a1Alcoy se prepara para un hito hist\u00f3rico!<\/strong> \ud83d\udee1\ufe0f\u2728<\/p>\n\n\n\n<p class=\"has-medium-font-size\">En 2026 celebraremos el <strong>750 Aniversario<\/strong> con un A\u00f1o Jubilar extraordinario en honor a nuestro patr\u00f3n, <strong>San Jorge<\/strong>. Bajo el lema <em><strong>\u00abVictorioso por la fe\u00bb<\/strong><\/em>, nos unimos en una celebraci\u00f3n de tradici\u00f3n, devoci\u00f3n e historia que marcar\u00e1 un antes y un despu\u00e9s en nuestra ciudad.<\/p>\n\n\n\n<p class=\"has-medium-font-size\">\ud83d\udcc5 <strong>Inicio:<\/strong> 23 de abril de 2026 \ud83d\udccd <strong>Lugar:<\/strong> Alcoy\/Alcoi \ud83d\udd17 Toda la informaci\u00f3n en: <a target=\"_blank\" rel=\"noreferrer noopener\" href=\"http:\/\/www.750sanjorge.org\">www.750sanjorge.org<\/a><\/p>\n<\/div><\/div>\n        <div class=\"booster-block booster-reactions-block\">\n            <div class=\"twp-reactions-icons\">\n                \n                <div class=\"twp-reacts-wrap\">\n                    <a react-data=\"be-react-1\" post-id=\"2817\" class=\"be-face-icons un-reacted\" href=\"javascript:void(0)\">\n                        <img decoding=\"async\" src=\"https:\/\/gremiodelabradoresalcoy.com\/wp-content\/plugins\/booster-extension\/\/assets\/icon\/happy.svg\" alt=\"Happy\">\n                    <\/a>\n                    <div class=\"twp-reaction-title\">\n                        Happy                    <\/div>\n                    <div class=\"twp-count-percent\">\n                                                    <span style=\"display: none;\" class=\"twp-react-count\">0<\/span>\n                        \n                                                <span class=\"twp-react-percent\"><span>0<\/span> %<\/span>\n                                            <\/div>\n                <\/div>\n\n                <div class=\"twp-reacts-wrap\">\n                    <a react-data=\"be-react-2\" post-id=\"2817\" class=\"be-face-icons un-reacted\" href=\"javascript:void(0)\">\n                        <img decoding=\"async\" src=\"https:\/\/gremiodelabradoresalcoy.com\/wp-content\/plugins\/booster-extension\/\/assets\/icon\/sad.svg\" alt=\"Sad\">\n                    <\/a>\n                    <div class=\"twp-reaction-title\">\n                        Sad                    <\/div>\n                    <div class=\"twp-count-percent\">\n                                                    <span style=\"display: none;\" class=\"twp-react-count\">0<\/span>\n                                                                        <span class=\"twp-react-percent\"><span>0<\/span> %<\/span>\n                                            <\/div>\n                <\/div>\n\n                <div class=\"twp-reacts-wrap\">\n                    <a react-data=\"be-react-3\" post-id=\"2817\" class=\"be-face-icons un-reacted\" href=\"javascript:void(0)\">\n                        <img decoding=\"async\" src=\"https:\/\/gremiodelabradoresalcoy.com\/wp-content\/plugins\/booster-extension\/\/assets\/icon\/excited.svg\" alt=\"Excited\">\n                    <\/a>\n                    <div class=\"twp-reaction-title\">\n                        Excited                    <\/div>\n                    <div class=\"twp-count-percent\">\n                                                    <span style=\"display: none;\" class=\"twp-react-count\">0<\/span>\n                                                                        <span class=\"twp-react-percent\"><span>0<\/span> %<\/span>\n                                            <\/div>\n                <\/div>\n\n                <div class=\"twp-reacts-wrap\">\n                    <a react-data=\"be-react-6\" post-id=\"2817\" class=\"be-face-icons un-reacted\" href=\"javascript:void(0)\">\n                        <img decoding=\"async\" src=\"https:\/\/gremiodelabradoresalcoy.com\/wp-content\/plugins\/booster-extension\/\/assets\/icon\/sleepy.svg\" alt=\"Sleepy\">\n                    <\/a>\n                    <div class=\"twp-reaction-title\">\n                        Sleepy                    <\/div>\n                    <div class=\"twp-count-percent\">\n                                                    <span style=\"display: none;\" class=\"twp-react-count\">0<\/span>\n                        \n                                                <span class=\"twp-react-percent\"><span>0<\/span> %<\/span>\n                                            <\/div>\n                <\/div>\n\n                <div class=\"twp-reacts-wrap\">\n                    <a react-data=\"be-react-4\" post-id=\"2817\" class=\"be-face-icons un-reacted\" href=\"javascript:void(0)\">\n                        <img decoding=\"async\" src=\"https:\/\/gremiodelabradoresalcoy.com\/wp-content\/plugins\/booster-extension\/\/assets\/icon\/angry.svg\" alt=\"Angry\">\n                    <\/a>\n                    <div class=\"twp-reaction-title\">Angry<\/div>\n                    <div class=\"twp-count-percent\">\n                                                    <span style=\"display: none;\" class=\"twp-react-count\">0<\/span>\n                                                                        <span class=\"twp-react-percent\"><span>0<\/span> %<\/span>\n                        \n                    <\/div>\n                <\/div>\n\n                <div class=\"twp-reacts-wrap\">\n                    <a react-data=\"be-react-5\" post-id=\"2817\" class=\"be-face-icons un-reacted\" href=\"javascript:void(0)\">\n                        <img decoding=\"async\" src=\"https:\/\/gremiodelabradoresalcoy.com\/wp-content\/plugins\/booster-extension\/\/assets\/icon\/surprise.svg\" alt=\"Surprise\">\n                    <\/a>\n                    <div class=\"twp-reaction-title\">Surprise<\/div>\n                    <div class=\"twp-count-percent\">\n                                                    <span style=\"display: none;\" class=\"twp-react-count\">0<\/span>\n                                                                        <span class=\"twp-react-percent\"><span>0<\/span> %<\/span>\n                                            <\/div>\n                <\/div>\n\n            <\/div>\n        <\/div>\n\n    ","protected":false},"excerpt":{"rendered":"<p>\u00a1Alcoy se prepara para un hito hist\u00f3rico! \ud83d\udee1\ufe0f\u2728 En 2026 celebraremos el 750 Aniversario con un A\u00f1o Jubilar extraordinario en honor a nuestro patr\u00f3n, San Jorge. Bajo el lema \u00abVictorioso por la fe\u00bb, nos unimos en una celebraci\u00f3n de tradici\u00f3n, devoci\u00f3n e historia que marcar\u00e1 un antes y un despu\u00e9s en nuestra ciudad. \ud83d\udcc5 Inicio: [&hellip;]<\/p>\n","protected":false},"author":1,"featured_media":2819,"comment_status":"closed","ping_status":"closed","sticky":false,"template":"","format":"standard","meta":{"footnotes":""},"categories":[106],"tags":[198],"class_list":["post-2817","post","type-post","status-publish","format-standard","has-post-thumbnail","hentry","category-sin-categoria-fr","tag-ano-jubilar-alcoy-2026"],"_links":{"self":[{"href":"https:\/\/gremiodelabradoresalcoy.com\/index.php\/wp-json\/wp\/v2\/posts\/2817","targetHints":{"allow":["GET"]}}],"collection":[{"href":"https:\/\/gremiodelabradoresalcoy.com\/index.php\/wp-json\/wp\/v2\/posts"}],"about":[{"href":"https:\/\/gremiodelabradoresalcoy.com\/index.php\/wp-json\/wp\/v2\/types\/post"}],"author":[{"embeddable":true,"href":"https:\/\/gremiodelabradoresalcoy.com\/index.php\/wp-json\/wp\/v2\/users\/1"}],"replies":[{"embeddable":true,"href":"https:\/\/gremiodelabradoresalcoy.com\/index.php\/wp-json\/wp\/v2\/comments?post=2817"}],"version-history":[{"count":1,"href":"https:\/\/gremiodelabradoresalcoy.com\/index.php\/wp-json\/wp\/v2\/posts\/2817\/revisions"}],"predecessor-version":[{"id":2820,"href":"https:\/\/gremiodelabradoresalcoy.com\/index.php\/wp-json\/wp\/v2\/posts\/2817\/revisions\/2820"}],"wp:featuredmedia":[{"embeddable":true,"href":"https:\/\/gremiodelabradoresalcoy.com\/index.php\/wp-json\/wp\/v2\/media\/2819"}],"wp:attachment":[{"href":"https:\/\/gremiodelabradoresalcoy.com\/index.php\/wp-json\/wp\/v2\/media?parent=2817"}],"wp:term":[{"taxonomy":"category","embeddable":true,"href":"https:\/\/gremiodelabradoresalcoy.com\/index.php\/wp-json\/wp\/v2\/categories?post=2817"},{"taxonomy":"post_tag","embeddable":true,"href":"https:\/\/gremiodelabradoresalcoy.com\/index.php\/wp-json\/wp\/v2\/tags?post=2817"}],"curies":[{"name":"wp","href":"https:\/\/api.w.org\/{rel}","templated":true}]}}