{"id":2813,"date":"2026-03-10T17:40:37","date_gmt":"2026-03-10T17:40:37","guid":{"rendered":"https:\/\/gremiodelabradoresalcoy.com\/?p=2813"},"modified":"2026-03-11T18:32:52","modified_gmt":"2026-03-11T18:32:52","slug":"horarios-de-apertura-de-la-capilla-del-gremio-de-labradores","status":"publish","type":"post","link":"https:\/\/gremiodelabradoresalcoy.com\/index.php\/2026\/03\/10\/horarios-de-apertura-de-la-capilla-del-gremio-de-labradores\/","title":{"rendered":"HORARIOS DE APERTURA: CAPILLA DEL GREMIO DE LABRADORES (SEMANA SANTA 2026)"},"content":{"rendered":"<div class='booster-block booster-read-block'>\n                <div class=\"twp-read-time\">\n                \t<i class=\"booster-icon twp-clock\"><\/i> <span>Read Time:<\/span>46 Second                <\/div>\n\n            <\/div>\n<figure class=\"wp-block-gallery has-nested-images columns-default is-cropped wp-block-gallery-1 is-layout-flex wp-block-gallery-is-layout-flex\">\n<figure class=\"wp-block-image size-large is-style-default\"><img loading=\"lazy\" decoding=\"async\" width=\"1024\" height=\"1024\" data-id=\"2793\" src=\"https:\/\/gremiodelabradoresalcoy.com\/wp-content\/uploads\/2026\/03\/Horarios_Capilla_SS2026-1024x1024.png\" alt=\"\" class=\"wp-image-2793\" srcset=\"https:\/\/gremiodelabradoresalcoy.com\/wp-content\/uploads\/2026\/03\/Horarios_Capilla_SS2026-1024x1024.png 1024w, https:\/\/gremiodelabradoresalcoy.com\/wp-content\/uploads\/2026\/03\/Horarios_Capilla_SS2026-300x300.png 300w, https:\/\/gremiodelabradoresalcoy.com\/wp-content\/uploads\/2026\/03\/Horarios_Capilla_SS2026-150x150.png 150w, https:\/\/gremiodelabradoresalcoy.com\/wp-content\/uploads\/2026\/03\/Horarios_Capilla_SS2026-768x768.png 768w, https:\/\/gremiodelabradoresalcoy.com\/wp-content\/uploads\/2026\/03\/Horarios_Capilla_SS2026.png 1080w\" sizes=\"auto, (max-width: 1024px) 100vw, 1024px\" \/><\/figure>\n<\/figure>\n\n\n\n<p class=\"has-medium-font-size\">Con la llegada de la <strong>Semana Santa 2026<\/strong>, el <strong>Gremio de Labradores de Alcoy<\/strong> invita a todos los fieles, cofrades y visitantes a acercarse a nuestra Capilla para los momentos de oraci\u00f3n y veneraci\u00f3n a la imagen de <strong>Jes\u00fas Nazareno<\/strong>.<\/p>\n\n\n\n<p class=\"has-medium-font-size\">Para facilitar la asistencia durante estos d\u00edas de recogimiento y tradici\u00f3n, hemos establecido los siguientes horarios especiales de apertura:<\/p>\n\n\n\n<h3 class=\"wp-block-heading\">\ud83d\uddd3\ufe0f Domingo de Ramos<\/h3>\n\n\n\n<p class=\"has-medium-font-size\">Damos inicio a la Semana Santa con la apertura de la capilla por la tarde.<\/p>\n\n\n\n<ul class=\"wp-block-list\">\n<li class=\"has-medium-font-size\"><strong>Horario:<\/strong> Desde las <strong>19:00 h<\/strong> hasta el comienzo de la Procesi\u00f3n.<\/li>\n<\/ul>\n\n\n\n<h3 class=\"wp-block-heading\">\ud83d\uddd3\ufe0f Jueves Santo<\/h3>\n\n\n\n<p class=\"has-medium-font-size\">Acompa\u00f1amos al Nazareno en la v\u00edspera de su Pasi\u00f3n.<\/p>\n\n\n\n<ul class=\"wp-block-list\">\n<li class=\"has-medium-font-size\"><strong>Horario:<\/strong> Desde las <strong>18:00 h<\/strong> hasta el cierre de la jornada.<\/li>\n<\/ul>\n\n\n\n<h3 class=\"wp-block-heading\">\ud83d\uddd3\ufe0f Viernes Santo<\/h3>\n\n\n\n<p class=\"has-medium-font-size\">Jornada principal de puertas abiertas con horario de ma\u00f1ana y tarde previo al Santo Entierro.<\/p>\n\n\n\n<ul class=\"wp-block-list\">\n<li class=\"has-medium-font-size\"><strong>Ma\u00f1ana:<\/strong> De <strong>10:00 h a 14:00 h<\/strong>.<\/li>\n\n\n\n<li class=\"has-medium-font-size\"><strong>Tarde:<\/strong> Desde las <strong>17:00 h<\/strong> hasta el inicio de la <strong>Procesi\u00f3n del Entierro<\/strong>.<\/li>\n<\/ul>\n\n\n\n<p><\/p>\n        <div class=\"booster-block booster-reactions-block\">\n            <div class=\"twp-reactions-icons\">\n                \n                <div class=\"twp-reacts-wrap\">\n                    <a react-data=\"be-react-1\" post-id=\"2813\" class=\"be-face-icons un-reacted\" href=\"javascript:void(0)\">\n                        <img decoding=\"async\" src=\"https:\/\/gremiodelabradoresalcoy.com\/wp-content\/plugins\/booster-extension\/\/assets\/icon\/happy.svg\" alt=\"Happy\">\n                    <\/a>\n                    <div class=\"twp-reaction-title\">\n                        Happy                    <\/div>\n                    <div class=\"twp-count-percent\">\n                                                    <span style=\"display: none;\" class=\"twp-react-count\">0<\/span>\n                        \n                                                <span class=\"twp-react-percent\"><span>0<\/span> %<\/span>\n                                            <\/div>\n                <\/div>\n\n                <div class=\"twp-reacts-wrap\">\n                    <a react-data=\"be-react-2\" post-id=\"2813\" class=\"be-face-icons un-reacted\" href=\"javascript:void(0)\">\n                        <img decoding=\"async\" src=\"https:\/\/gremiodelabradoresalcoy.com\/wp-content\/plugins\/booster-extension\/\/assets\/icon\/sad.svg\" alt=\"Sad\">\n                    <\/a>\n                    <div class=\"twp-reaction-title\">\n                        Sad                    <\/div>\n                    <div class=\"twp-count-percent\">\n                                                    <span style=\"display: none;\" class=\"twp-react-count\">0<\/span>\n                                                                        <span class=\"twp-react-percent\"><span>0<\/span> %<\/span>\n                                            <\/div>\n                <\/div>\n\n                <div class=\"twp-reacts-wrap\">\n                    <a react-data=\"be-react-3\" post-id=\"2813\" class=\"be-face-icons un-reacted\" href=\"javascript:void(0)\">\n                        <img decoding=\"async\" src=\"https:\/\/gremiodelabradoresalcoy.com\/wp-content\/plugins\/booster-extension\/\/assets\/icon\/excited.svg\" alt=\"Excited\">\n                    <\/a>\n                    <div class=\"twp-reaction-title\">\n                        Excited                    <\/div>\n                    <div class=\"twp-count-percent\">\n                                                    <span style=\"display: none;\" class=\"twp-react-count\">0<\/span>\n                                                                        <span class=\"twp-react-percent\"><span>0<\/span> %<\/span>\n                                            <\/div>\n                <\/div>\n\n                <div class=\"twp-reacts-wrap\">\n                    <a react-data=\"be-react-6\" post-id=\"2813\" class=\"be-face-icons un-reacted\" href=\"javascript:void(0)\">\n                        <img decoding=\"async\" src=\"https:\/\/gremiodelabradoresalcoy.com\/wp-content\/plugins\/booster-extension\/\/assets\/icon\/sleepy.svg\" alt=\"Sleepy\">\n                    <\/a>\n                    <div class=\"twp-reaction-title\">\n                        Sleepy                    <\/div>\n                    <div class=\"twp-count-percent\">\n                                                    <span style=\"display: none;\" class=\"twp-react-count\">0<\/span>\n                        \n                                                <span class=\"twp-react-percent\"><span>0<\/span> %<\/span>\n                                            <\/div>\n                <\/div>\n\n                <div class=\"twp-reacts-wrap\">\n                    <a react-data=\"be-react-4\" post-id=\"2813\" class=\"be-face-icons un-reacted\" href=\"javascript:void(0)\">\n                        <img decoding=\"async\" src=\"https:\/\/gremiodelabradoresalcoy.com\/wp-content\/plugins\/booster-extension\/\/assets\/icon\/angry.svg\" alt=\"Angry\">\n                    <\/a>\n                    <div class=\"twp-reaction-title\">Angry<\/div>\n                    <div class=\"twp-count-percent\">\n                                                    <span style=\"display: none;\" class=\"twp-react-count\">0<\/span>\n                                                                        <span class=\"twp-react-percent\"><span>0<\/span> %<\/span>\n                        \n                    <\/div>\n                <\/div>\n\n                <div class=\"twp-reacts-wrap\">\n                    <a react-data=\"be-react-5\" post-id=\"2813\" class=\"be-face-icons un-reacted\" href=\"javascript:void(0)\">\n                        <img decoding=\"async\" src=\"https:\/\/gremiodelabradoresalcoy.com\/wp-content\/plugins\/booster-extension\/\/assets\/icon\/surprise.svg\" alt=\"Surprise\">\n                    <\/a>\n                    <div class=\"twp-reaction-title\">Surprise<\/div>\n                    <div class=\"twp-count-percent\">\n                                                    <span style=\"display: none;\" class=\"twp-react-count\">0<\/span>\n                                                                        <span class=\"twp-react-percent\"><span>0<\/span> %<\/span>\n                                            <\/div>\n                <\/div>\n\n            <\/div>\n        <\/div>\n\n    ","protected":false},"excerpt":{"rendered":"<p>Con la llegada de la Semana Santa 2026, el Gremio de Labradores de Alcoy invita a todos los fieles, cofrades y visitantes a acercarse a nuestra Capilla para los momentos de oraci\u00f3n y veneraci\u00f3n a la imagen de Jes\u00fas Nazareno. Para facilitar la asistencia durante estos d\u00edas de recogimiento y tradici\u00f3n, hemos establecido los siguientes [&hellip;]<\/p>\n","protected":false},"author":1,"featured_media":2793,"comment_status":"closed","ping_status":"closed","sticky":false,"template":"","format":"standard","meta":{"footnotes":""},"categories":[106],"tags":[],"class_list":["post-2813","post","type-post","status-publish","format-standard","has-post-thumbnail","hentry","category-sin-categoria-fr"],"_links":{"self":[{"href":"https:\/\/gremiodelabradoresalcoy.com\/index.php\/wp-json\/wp\/v2\/posts\/2813","targetHints":{"allow":["GET"]}}],"collection":[{"href":"https:\/\/gremiodelabradoresalcoy.com\/index.php\/wp-json\/wp\/v2\/posts"}],"about":[{"href":"https:\/\/gremiodelabradoresalcoy.com\/index.php\/wp-json\/wp\/v2\/types\/post"}],"author":[{"embeddable":true,"href":"https:\/\/gremiodelabradoresalcoy.com\/index.php\/wp-json\/wp\/v2\/users\/1"}],"replies":[{"embeddable":true,"href":"https:\/\/gremiodelabradoresalcoy.com\/index.php\/wp-json\/wp\/v2\/comments?post=2813"}],"version-history":[{"count":4,"href":"https:\/\/gremiodelabradoresalcoy.com\/index.php\/wp-json\/wp\/v2\/posts\/2813\/revisions"}],"predecessor-version":[{"id":2831,"href":"https:\/\/gremiodelabradoresalcoy.com\/index.php\/wp-json\/wp\/v2\/posts\/2813\/revisions\/2831"}],"wp:featuredmedia":[{"embeddable":true,"href":"https:\/\/gremiodelabradoresalcoy.com\/index.php\/wp-json\/wp\/v2\/media\/2793"}],"wp:attachment":[{"href":"https:\/\/gremiodelabradoresalcoy.com\/index.php\/wp-json\/wp\/v2\/media?parent=2813"}],"wp:term":[{"taxonomy":"category","embeddable":true,"href":"https:\/\/gremiodelabradoresalcoy.com\/index.php\/wp-json\/wp\/v2\/categories?post=2813"},{"taxonomy":"post_tag","embeddable":true,"href":"https:\/\/gremiodelabradoresalcoy.com\/index.php\/wp-json\/wp\/v2\/tags?post=2813"}],"curies":[{"name":"wp","href":"https:\/\/api.w.org\/{rel}","templated":true}]}}