{"id":2810,"date":"2026-03-09T17:34:28","date_gmt":"2026-03-09T17:34:28","guid":{"rendered":"https:\/\/gremiodelabradoresalcoy.com\/?p=2810"},"modified":"2026-03-11T18:38:09","modified_gmt":"2026-03-11T18:38:09","slug":"diptico-programa-guion-de-actos-semana-santa","status":"publish","type":"post","link":"https:\/\/gremiodelabradoresalcoy.com\/index.php\/2026\/03\/09\/diptico-programa-guion-de-actos-semana-santa\/","title":{"rendered":"SEMANA SANTA ALCOY 2026: Programa de Actos y Procesiones"},"content":{"rendered":"<div class='booster-block booster-read-block'>\n                <div class=\"twp-read-time\">\n                \t<i class=\"booster-icon twp-clock\"><\/i> <span>Read Time:<\/span>3 Minute, 30 Second                <\/div>\n\n            <\/div>\n<figure class=\"wp-block-gallery has-nested-images columns-default is-cropped wp-block-gallery-1 is-layout-flex wp-block-gallery-is-layout-flex\">\n<figure data-wp-context=\"{&quot;imageId&quot;:&quot;69ee1f3ee07c0&quot;}\" data-wp-interactive=\"core\/image\" data-wp-key=\"69ee1f3ee07c0\" class=\"wp-block-image size-large wp-lightbox-container\"><img loading=\"lazy\" decoding=\"async\" width=\"1024\" height=\"1024\" data-wp-class--hide=\"state.isContentHidden\" data-wp-class--show=\"state.isContentVisible\" data-wp-init=\"callbacks.setButtonStyles\" data-wp-on--click=\"actions.showLightbox\" data-wp-on--load=\"callbacks.setButtonStyles\" data-wp-on-window--resize=\"callbacks.setButtonStyles\" data-id=\"2804\" src=\"https:\/\/gremiodelabradoresalcoy.com\/wp-content\/uploads\/2026\/03\/1-1024x1024.png\" alt=\"\" class=\"wp-image-2804\" srcset=\"https:\/\/gremiodelabradoresalcoy.com\/wp-content\/uploads\/2026\/03\/1-1024x1024.png 1024w, https:\/\/gremiodelabradoresalcoy.com\/wp-content\/uploads\/2026\/03\/1-300x300.png 300w, https:\/\/gremiodelabradoresalcoy.com\/wp-content\/uploads\/2026\/03\/1-150x150.png 150w, https:\/\/gremiodelabradoresalcoy.com\/wp-content\/uploads\/2026\/03\/1-768x768.png 768w, https:\/\/gremiodelabradoresalcoy.com\/wp-content\/uploads\/2026\/03\/1.png 1080w\" sizes=\"auto, (max-width: 1024px) 100vw, 1024px\" \/><button\n\t\t\tclass=\"lightbox-trigger\"\n\t\t\ttype=\"button\"\n\t\t\taria-haspopup=\"dialog\"\n\t\t\taria-label=\"Agrandar\"\n\t\t\tdata-wp-init=\"callbacks.initTriggerButton\"\n\t\t\tdata-wp-on--click=\"actions.showLightbox\"\n\t\t\tdata-wp-style--right=\"state.imageButtonRight\"\n\t\t\tdata-wp-style--top=\"state.imageButtonTop\"\n\t\t>\n\t\t\t<svg xmlns=\"http:\/\/www.w3.org\/2000\/svg\" width=\"12\" height=\"12\" fill=\"none\" viewBox=\"0 0 12 12\">\n\t\t\t\t<path fill=\"#fff\" d=\"M2 0a2 2 0 0 0-2 2v2h1.5V2a.5.5 0 0 1 .5-.5h2V0H2Zm2 10.5H2a.5.5 0 0 1-.5-.5V8H0v2a2 2 0 0 0 2 2h2v-1.5ZM8 12v-1.5h2a.5.5 0 0 0 .5-.5V8H12v2a2 2 0 0 1-2 2H8Zm2-12a2 2 0 0 1 2 2v2h-1.5V2a.5.5 0 0 0-.5-.5H8V0h2Z\" \/>\n\t\t\t<\/svg>\n\t\t<\/button><\/figure>\n\n\n\n<figure data-wp-context=\"{&quot;imageId&quot;:&quot;69ee1f3ee0c94&quot;}\" data-wp-interactive=\"core\/image\" data-wp-key=\"69ee1f3ee0c94\" class=\"wp-block-image size-large wp-lightbox-container\"><img loading=\"lazy\" decoding=\"async\" width=\"1024\" height=\"1024\" data-wp-class--hide=\"state.isContentHidden\" data-wp-class--show=\"state.isContentVisible\" data-wp-init=\"callbacks.setButtonStyles\" data-wp-on--click=\"actions.showLightbox\" data-wp-on--load=\"callbacks.setButtonStyles\" data-wp-on-window--resize=\"callbacks.setButtonStyles\" data-id=\"2801\" src=\"https:\/\/gremiodelabradoresalcoy.com\/wp-content\/uploads\/2026\/03\/2-1024x1024.png\" alt=\"\" class=\"wp-image-2801\" srcset=\"https:\/\/gremiodelabradoresalcoy.com\/wp-content\/uploads\/2026\/03\/2-1024x1024.png 1024w, https:\/\/gremiodelabradoresalcoy.com\/wp-content\/uploads\/2026\/03\/2-300x300.png 300w, https:\/\/gremiodelabradoresalcoy.com\/wp-content\/uploads\/2026\/03\/2-150x150.png 150w, https:\/\/gremiodelabradoresalcoy.com\/wp-content\/uploads\/2026\/03\/2-768x768.png 768w, https:\/\/gremiodelabradoresalcoy.com\/wp-content\/uploads\/2026\/03\/2.png 1080w\" sizes=\"auto, (max-width: 1024px) 100vw, 1024px\" \/><button\n\t\t\tclass=\"lightbox-trigger\"\n\t\t\ttype=\"button\"\n\t\t\taria-haspopup=\"dialog\"\n\t\t\taria-label=\"Agrandar\"\n\t\t\tdata-wp-init=\"callbacks.initTriggerButton\"\n\t\t\tdata-wp-on--click=\"actions.showLightbox\"\n\t\t\tdata-wp-style--right=\"state.imageButtonRight\"\n\t\t\tdata-wp-style--top=\"state.imageButtonTop\"\n\t\t>\n\t\t\t<svg xmlns=\"http:\/\/www.w3.org\/2000\/svg\" width=\"12\" height=\"12\" fill=\"none\" viewBox=\"0 0 12 12\">\n\t\t\t\t<path fill=\"#fff\" d=\"M2 0a2 2 0 0 0-2 2v2h1.5V2a.5.5 0 0 1 .5-.5h2V0H2Zm2 10.5H2a.5.5 0 0 1-.5-.5V8H0v2a2 2 0 0 0 2 2h2v-1.5ZM8 12v-1.5h2a.5.5 0 0 0 .5-.5V8H12v2a2 2 0 0 1-2 2H8Zm2-12a2 2 0 0 1 2 2v2h-1.5V2a.5.5 0 0 0-.5-.5H8V0h2Z\" \/>\n\t\t\t<\/svg>\n\t\t<\/button><\/figure>\n\n\n\n<figure data-wp-context=\"{&quot;imageId&quot;:&quot;69ee1f3ee10fb&quot;}\" data-wp-interactive=\"core\/image\" data-wp-key=\"69ee1f3ee10fb\" class=\"wp-block-image size-large wp-lightbox-container\"><img loading=\"lazy\" decoding=\"async\" width=\"1024\" height=\"1024\" data-wp-class--hide=\"state.isContentHidden\" data-wp-class--show=\"state.isContentVisible\" data-wp-init=\"callbacks.setButtonStyles\" data-wp-on--click=\"actions.showLightbox\" data-wp-on--load=\"callbacks.setButtonStyles\" data-wp-on-window--resize=\"callbacks.setButtonStyles\" data-id=\"2799\" src=\"https:\/\/gremiodelabradoresalcoy.com\/wp-content\/uploads\/2026\/03\/3-1024x1024.png\" alt=\"\" class=\"wp-image-2799\" srcset=\"https:\/\/gremiodelabradoresalcoy.com\/wp-content\/uploads\/2026\/03\/3-1024x1024.png 1024w, https:\/\/gremiodelabradoresalcoy.com\/wp-content\/uploads\/2026\/03\/3-300x300.png 300w, https:\/\/gremiodelabradoresalcoy.com\/wp-content\/uploads\/2026\/03\/3-150x150.png 150w, https:\/\/gremiodelabradoresalcoy.com\/wp-content\/uploads\/2026\/03\/3-768x768.png 768w, https:\/\/gremiodelabradoresalcoy.com\/wp-content\/uploads\/2026\/03\/3.png 1080w\" sizes=\"auto, (max-width: 1024px) 100vw, 1024px\" \/><button\n\t\t\tclass=\"lightbox-trigger\"\n\t\t\ttype=\"button\"\n\t\t\taria-haspopup=\"dialog\"\n\t\t\taria-label=\"Agrandar\"\n\t\t\tdata-wp-init=\"callbacks.initTriggerButton\"\n\t\t\tdata-wp-on--click=\"actions.showLightbox\"\n\t\t\tdata-wp-style--right=\"state.imageButtonRight\"\n\t\t\tdata-wp-style--top=\"state.imageButtonTop\"\n\t\t>\n\t\t\t<svg xmlns=\"http:\/\/www.w3.org\/2000\/svg\" width=\"12\" height=\"12\" fill=\"none\" viewBox=\"0 0 12 12\">\n\t\t\t\t<path fill=\"#fff\" d=\"M2 0a2 2 0 0 0-2 2v2h1.5V2a.5.5 0 0 1 .5-.5h2V0H2Zm2 10.5H2a.5.5 0 0 1-.5-.5V8H0v2a2 2 0 0 0 2 2h2v-1.5ZM8 12v-1.5h2a.5.5 0 0 0 .5-.5V8H12v2a2 2 0 0 1-2 2H8Zm2-12a2 2 0 0 1 2 2v2h-1.5V2a.5.5 0 0 0-.5-.5H8V0h2Z\" \/>\n\t\t\t<\/svg>\n\t\t<\/button><\/figure>\n\n\n\n<figure data-wp-context=\"{&quot;imageId&quot;:&quot;69ee1f3ee1841&quot;}\" data-wp-interactive=\"core\/image\" data-wp-key=\"69ee1f3ee1841\" class=\"wp-block-image size-large wp-lightbox-container\"><img loading=\"lazy\" decoding=\"async\" width=\"1080\" height=\"1080\" data-wp-class--hide=\"state.isContentHidden\" data-wp-class--show=\"state.isContentVisible\" data-wp-init=\"callbacks.setButtonStyles\" data-wp-on--click=\"actions.showLightbox\" data-wp-on--load=\"callbacks.setButtonStyles\" data-wp-on-window--resize=\"callbacks.setButtonStyles\" data-id=\"2797\" src=\"https:\/\/gremiodelabradoresalcoy.com\/wp-content\/uploads\/2026\/03\/4-1024x1024.png\" alt=\"\" class=\"wp-image-2797\" srcset=\"https:\/\/gremiodelabradoresalcoy.com\/wp-content\/uploads\/2026\/03\/4-1024x1024.png 1024w, https:\/\/gremiodelabradoresalcoy.com\/wp-content\/uploads\/2026\/03\/4-300x300.png 300w, https:\/\/gremiodelabradoresalcoy.com\/wp-content\/uploads\/2026\/03\/4-150x150.png 150w, https:\/\/gremiodelabradoresalcoy.com\/wp-content\/uploads\/2026\/03\/4-768x768.png 768w, https:\/\/gremiodelabradoresalcoy.com\/wp-content\/uploads\/2026\/03\/4.png 1080w\" sizes=\"auto, (max-width: 1080px) 100vw, 1080px\" \/><button\n\t\t\tclass=\"lightbox-trigger\"\n\t\t\ttype=\"button\"\n\t\t\taria-haspopup=\"dialog\"\n\t\t\taria-label=\"Agrandar\"\n\t\t\tdata-wp-init=\"callbacks.initTriggerButton\"\n\t\t\tdata-wp-on--click=\"actions.showLightbox\"\n\t\t\tdata-wp-style--right=\"state.imageButtonRight\"\n\t\t\tdata-wp-style--top=\"state.imageButtonTop\"\n\t\t>\n\t\t\t<svg xmlns=\"http:\/\/www.w3.org\/2000\/svg\" width=\"12\" height=\"12\" fill=\"none\" viewBox=\"0 0 12 12\">\n\t\t\t\t<path fill=\"#fff\" d=\"M2 0a2 2 0 0 0-2 2v2h1.5V2a.5.5 0 0 1 .5-.5h2V0H2Zm2 10.5H2a.5.5 0 0 1-.5-.5V8H0v2a2 2 0 0 0 2 2h2v-1.5ZM8 12v-1.5h2a.5.5 0 0 0 .5-.5V8H12v2a2 2 0 0 1-2 2H8Zm2-12a2 2 0 0 1 2 2v2h-1.5V2a.5.5 0 0 0-.5-.5H8V0h2Z\" \/>\n\t\t\t<\/svg>\n\t\t<\/button><\/figure>\n\n\n\n<figure data-wp-context=\"{&quot;imageId&quot;:&quot;69ee1f3ee1cb3&quot;}\" data-wp-interactive=\"core\/image\" data-wp-key=\"69ee1f3ee1cb3\" class=\"wp-block-image size-large wp-lightbox-container\"><img loading=\"lazy\" decoding=\"async\" width=\"1024\" height=\"1024\" data-wp-class--hide=\"state.isContentHidden\" data-wp-class--show=\"state.isContentVisible\" data-wp-init=\"callbacks.setButtonStyles\" data-wp-on--click=\"actions.showLightbox\" data-wp-on--load=\"callbacks.setButtonStyles\" data-wp-on-window--resize=\"callbacks.setButtonStyles\" data-id=\"2800\" src=\"https:\/\/gremiodelabradoresalcoy.com\/wp-content\/uploads\/2026\/03\/5-1024x1024.png\" alt=\"\" class=\"wp-image-2800\" srcset=\"https:\/\/gremiodelabradoresalcoy.com\/wp-content\/uploads\/2026\/03\/5-1024x1024.png 1024w, https:\/\/gremiodelabradoresalcoy.com\/wp-content\/uploads\/2026\/03\/5-300x300.png 300w, https:\/\/gremiodelabradoresalcoy.com\/wp-content\/uploads\/2026\/03\/5-150x150.png 150w, https:\/\/gremiodelabradoresalcoy.com\/wp-content\/uploads\/2026\/03\/5-768x768.png 768w, https:\/\/gremiodelabradoresalcoy.com\/wp-content\/uploads\/2026\/03\/5.png 1080w\" sizes=\"auto, (max-width: 1024px) 100vw, 1024px\" \/><button\n\t\t\tclass=\"lightbox-trigger\"\n\t\t\ttype=\"button\"\n\t\t\taria-haspopup=\"dialog\"\n\t\t\taria-label=\"Agrandar\"\n\t\t\tdata-wp-init=\"callbacks.initTriggerButton\"\n\t\t\tdata-wp-on--click=\"actions.showLightbox\"\n\t\t\tdata-wp-style--right=\"state.imageButtonRight\"\n\t\t\tdata-wp-style--top=\"state.imageButtonTop\"\n\t\t>\n\t\t\t<svg xmlns=\"http:\/\/www.w3.org\/2000\/svg\" width=\"12\" height=\"12\" fill=\"none\" viewBox=\"0 0 12 12\">\n\t\t\t\t<path fill=\"#fff\" d=\"M2 0a2 2 0 0 0-2 2v2h1.5V2a.5.5 0 0 1 .5-.5h2V0H2Zm2 10.5H2a.5.5 0 0 1-.5-.5V8H0v2a2 2 0 0 0 2 2h2v-1.5ZM8 12v-1.5h2a.5.5 0 0 0 .5-.5V8H12v2a2 2 0 0 1-2 2H8Zm2-12a2 2 0 0 1 2 2v2h-1.5V2a.5.5 0 0 0-.5-.5H8V0h2Z\" \/>\n\t\t\t<\/svg>\n\t\t<\/button><\/figure>\n\n\n\n<figure data-wp-context=\"{&quot;imageId&quot;:&quot;69ee1f3ee20bb&quot;}\" data-wp-interactive=\"core\/image\" data-wp-key=\"69ee1f3ee20bb\" class=\"wp-block-image size-large wp-lightbox-container\"><img loading=\"lazy\" decoding=\"async\" width=\"1024\" height=\"1024\" data-wp-class--hide=\"state.isContentHidden\" data-wp-class--show=\"state.isContentVisible\" data-wp-init=\"callbacks.setButtonStyles\" data-wp-on--click=\"actions.showLightbox\" data-wp-on--load=\"callbacks.setButtonStyles\" data-wp-on-window--resize=\"callbacks.setButtonStyles\" data-id=\"2802\" src=\"https:\/\/gremiodelabradoresalcoy.com\/wp-content\/uploads\/2026\/03\/6-1024x1024.png\" alt=\"\" class=\"wp-image-2802\" srcset=\"https:\/\/gremiodelabradoresalcoy.com\/wp-content\/uploads\/2026\/03\/6-1024x1024.png 1024w, https:\/\/gremiodelabradoresalcoy.com\/wp-content\/uploads\/2026\/03\/6-300x300.png 300w, https:\/\/gremiodelabradoresalcoy.com\/wp-content\/uploads\/2026\/03\/6-150x150.png 150w, https:\/\/gremiodelabradoresalcoy.com\/wp-content\/uploads\/2026\/03\/6-768x768.png 768w, https:\/\/gremiodelabradoresalcoy.com\/wp-content\/uploads\/2026\/03\/6.png 1080w\" sizes=\"auto, (max-width: 1024px) 100vw, 1024px\" \/><button\n\t\t\tclass=\"lightbox-trigger\"\n\t\t\ttype=\"button\"\n\t\t\taria-haspopup=\"dialog\"\n\t\t\taria-label=\"Agrandar\"\n\t\t\tdata-wp-init=\"callbacks.initTriggerButton\"\n\t\t\tdata-wp-on--click=\"actions.showLightbox\"\n\t\t\tdata-wp-style--right=\"state.imageButtonRight\"\n\t\t\tdata-wp-style--top=\"state.imageButtonTop\"\n\t\t>\n\t\t\t<svg xmlns=\"http:\/\/www.w3.org\/2000\/svg\" width=\"12\" height=\"12\" fill=\"none\" viewBox=\"0 0 12 12\">\n\t\t\t\t<path fill=\"#fff\" d=\"M2 0a2 2 0 0 0-2 2v2h1.5V2a.5.5 0 0 1 .5-.5h2V0H2Zm2 10.5H2a.5.5 0 0 1-.5-.5V8H0v2a2 2 0 0 0 2 2h2v-1.5ZM8 12v-1.5h2a.5.5 0 0 0 .5-.5V8H12v2a2 2 0 0 1-2 2H8Zm2-12a2 2 0 0 1 2 2v2h-1.5V2a.5.5 0 0 0-.5-.5H8V0h2Z\" \/>\n\t\t\t<\/svg>\n\t\t<\/button><\/figure>\n\n\n\n<figure data-wp-context=\"{&quot;imageId&quot;:&quot;69ee1f3ee24af&quot;}\" data-wp-interactive=\"core\/image\" data-wp-key=\"69ee1f3ee24af\" class=\"wp-block-image size-large wp-lightbox-container\"><img loading=\"lazy\" decoding=\"async\" width=\"1024\" height=\"1024\" data-wp-class--hide=\"state.isContentHidden\" data-wp-class--show=\"state.isContentVisible\" data-wp-init=\"callbacks.setButtonStyles\" data-wp-on--click=\"actions.showLightbox\" data-wp-on--load=\"callbacks.setButtonStyles\" data-wp-on-window--resize=\"callbacks.setButtonStyles\" data-id=\"2803\" src=\"https:\/\/gremiodelabradoresalcoy.com\/wp-content\/uploads\/2026\/03\/7-1024x1024.png\" alt=\"\" class=\"wp-image-2803\" srcset=\"https:\/\/gremiodelabradoresalcoy.com\/wp-content\/uploads\/2026\/03\/7-1024x1024.png 1024w, https:\/\/gremiodelabradoresalcoy.com\/wp-content\/uploads\/2026\/03\/7-300x300.png 300w, https:\/\/gremiodelabradoresalcoy.com\/wp-content\/uploads\/2026\/03\/7-150x150.png 150w, https:\/\/gremiodelabradoresalcoy.com\/wp-content\/uploads\/2026\/03\/7-768x768.png 768w, https:\/\/gremiodelabradoresalcoy.com\/wp-content\/uploads\/2026\/03\/7.png 1080w\" sizes=\"auto, (max-width: 1024px) 100vw, 1024px\" \/><button\n\t\t\tclass=\"lightbox-trigger\"\n\t\t\ttype=\"button\"\n\t\t\taria-haspopup=\"dialog\"\n\t\t\taria-label=\"Agrandar\"\n\t\t\tdata-wp-init=\"callbacks.initTriggerButton\"\n\t\t\tdata-wp-on--click=\"actions.showLightbox\"\n\t\t\tdata-wp-style--right=\"state.imageButtonRight\"\n\t\t\tdata-wp-style--top=\"state.imageButtonTop\"\n\t\t>\n\t\t\t<svg xmlns=\"http:\/\/www.w3.org\/2000\/svg\" width=\"12\" height=\"12\" fill=\"none\" viewBox=\"0 0 12 12\">\n\t\t\t\t<path fill=\"#fff\" d=\"M2 0a2 2 0 0 0-2 2v2h1.5V2a.5.5 0 0 1 .5-.5h2V0H2Zm2 10.5H2a.5.5 0 0 1-.5-.5V8H0v2a2 2 0 0 0 2 2h2v-1.5ZM8 12v-1.5h2a.5.5 0 0 0 .5-.5V8H12v2a2 2 0 0 1-2 2H8Zm2-12a2 2 0 0 1 2 2v2h-1.5V2a.5.5 0 0 0-.5-.5H8V0h2Z\" \/>\n\t\t\t<\/svg>\n\t\t<\/button><\/figure>\n\n\n\n<figure data-wp-context=\"{&quot;imageId&quot;:&quot;69ee1f3ee287f&quot;}\" data-wp-interactive=\"core\/image\" data-wp-key=\"69ee1f3ee287f\" class=\"wp-block-image size-large wp-lightbox-container\"><img loading=\"lazy\" decoding=\"async\" width=\"1024\" height=\"1024\" data-wp-class--hide=\"state.isContentHidden\" data-wp-class--show=\"state.isContentVisible\" data-wp-init=\"callbacks.setButtonStyles\" data-wp-on--click=\"actions.showLightbox\" data-wp-on--load=\"callbacks.setButtonStyles\" data-wp-on-window--resize=\"callbacks.setButtonStyles\" data-id=\"2798\" src=\"https:\/\/gremiodelabradoresalcoy.com\/wp-content\/uploads\/2026\/03\/8-1024x1024.png\" alt=\"\" class=\"wp-image-2798\" srcset=\"https:\/\/gremiodelabradoresalcoy.com\/wp-content\/uploads\/2026\/03\/8-1024x1024.png 1024w, https:\/\/gremiodelabradoresalcoy.com\/wp-content\/uploads\/2026\/03\/8-300x300.png 300w, https:\/\/gremiodelabradoresalcoy.com\/wp-content\/uploads\/2026\/03\/8-150x150.png 150w, https:\/\/gremiodelabradoresalcoy.com\/wp-content\/uploads\/2026\/03\/8-768x768.png 768w, https:\/\/gremiodelabradoresalcoy.com\/wp-content\/uploads\/2026\/03\/8.png 1080w\" sizes=\"auto, (max-width: 1024px) 100vw, 1024px\" \/><button\n\t\t\tclass=\"lightbox-trigger\"\n\t\t\ttype=\"button\"\n\t\t\taria-haspopup=\"dialog\"\n\t\t\taria-label=\"Agrandar\"\n\t\t\tdata-wp-init=\"callbacks.initTriggerButton\"\n\t\t\tdata-wp-on--click=\"actions.showLightbox\"\n\t\t\tdata-wp-style--right=\"state.imageButtonRight\"\n\t\t\tdata-wp-style--top=\"state.imageButtonTop\"\n\t\t>\n\t\t\t<svg xmlns=\"http:\/\/www.w3.org\/2000\/svg\" width=\"12\" height=\"12\" fill=\"none\" viewBox=\"0 0 12 12\">\n\t\t\t\t<path fill=\"#fff\" d=\"M2 0a2 2 0 0 0-2 2v2h1.5V2a.5.5 0 0 1 .5-.5h2V0H2Zm2 10.5H2a.5.5 0 0 1-.5-.5V8H0v2a2 2 0 0 0 2 2h2v-1.5ZM8 12v-1.5h2a.5.5 0 0 0 .5-.5V8H12v2a2 2 0 0 1-2 2H8Zm2-12a2 2 0 0 1 2 2v2h-1.5V2a.5.5 0 0 0-.5-.5H8V0h2Z\" \/>\n\t\t\t<\/svg>\n\t\t<\/button><\/figure>\n\n\n\n<figure data-wp-context=\"{&quot;imageId&quot;:&quot;69ee1f3ee2c5e&quot;}\" data-wp-interactive=\"core\/image\" data-wp-key=\"69ee1f3ee2c5e\" class=\"wp-block-image size-large wp-lightbox-container\"><img loading=\"lazy\" decoding=\"async\" width=\"1024\" height=\"1024\" data-wp-class--hide=\"state.isContentHidden\" data-wp-class--show=\"state.isContentVisible\" data-wp-init=\"callbacks.setButtonStyles\" data-wp-on--click=\"actions.showLightbox\" data-wp-on--load=\"callbacks.setButtonStyles\" data-wp-on-window--resize=\"callbacks.setButtonStyles\" data-id=\"2805\" src=\"https:\/\/gremiodelabradoresalcoy.com\/wp-content\/uploads\/2026\/03\/9-1024x1024.png\" alt=\"\" class=\"wp-image-2805\" srcset=\"https:\/\/gremiodelabradoresalcoy.com\/wp-content\/uploads\/2026\/03\/9-1024x1024.png 1024w, https:\/\/gremiodelabradoresalcoy.com\/wp-content\/uploads\/2026\/03\/9-300x300.png 300w, https:\/\/gremiodelabradoresalcoy.com\/wp-content\/uploads\/2026\/03\/9-150x150.png 150w, https:\/\/gremiodelabradoresalcoy.com\/wp-content\/uploads\/2026\/03\/9-768x768.png 768w, https:\/\/gremiodelabradoresalcoy.com\/wp-content\/uploads\/2026\/03\/9.png 1080w\" sizes=\"auto, (max-width: 1024px) 100vw, 1024px\" \/><button\n\t\t\tclass=\"lightbox-trigger\"\n\t\t\ttype=\"button\"\n\t\t\taria-haspopup=\"dialog\"\n\t\t\taria-label=\"Agrandar\"\n\t\t\tdata-wp-init=\"callbacks.initTriggerButton\"\n\t\t\tdata-wp-on--click=\"actions.showLightbox\"\n\t\t\tdata-wp-style--right=\"state.imageButtonRight\"\n\t\t\tdata-wp-style--top=\"state.imageButtonTop\"\n\t\t>\n\t\t\t<svg xmlns=\"http:\/\/www.w3.org\/2000\/svg\" width=\"12\" height=\"12\" fill=\"none\" viewBox=\"0 0 12 12\">\n\t\t\t\t<path fill=\"#fff\" d=\"M2 0a2 2 0 0 0-2 2v2h1.5V2a.5.5 0 0 1 .5-.5h2V0H2Zm2 10.5H2a.5.5 0 0 1-.5-.5V8H0v2a2 2 0 0 0 2 2h2v-1.5ZM8 12v-1.5h2a.5.5 0 0 0 .5-.5V8H12v2a2 2 0 0 1-2 2H8Zm2-12a2 2 0 0 1 2 2v2h-1.5V2a.5.5 0 0 0-.5-.5H8V0h2Z\" \/>\n\t\t\t<\/svg>\n\t\t<\/button><\/figure>\n<\/figure>\n\n\n\n<p><\/p>\n\n\n\n<p class=\"has-medium-font-size\">La ciudad de Alcoy se prepara para vivir una nueva edici\u00f3n de su <strong>Semana Santa<\/strong>, que este a\u00f1o 2026 se celebrar\u00e1 oficialmente del <strong>29 de marzo al 5 de abril<\/strong>. A continuaci\u00f3n, detallamos la programaci\u00f3n completa de actos, cultos y procesiones organizados por las distintas cofrad\u00edas y gremios.<\/p>\n\n\n\n<h2 class=\"wp-block-heading has-medium-font-size\">Actos Previos<\/h2>\n\n\n\n<h3 class=\"wp-block-heading has-medium-font-size\">Jueves, 12 de marzo<\/h3>\n\n\n\n<ul class=\"wp-block-list\">\n<li class=\"has-medium-font-size\"><strong>19:00 h:<\/strong> Inauguraci\u00f3n de la exposici\u00f3n <em>Escenas B\u00edblicas de la Santa Pasi\u00f3n<\/em> en la Parroquia de Santa Mar\u00eda.<\/li>\n\n\n\n<li class=\"has-medium-font-size\"><strong>19:30 h:<\/strong> Descubrimiento del cartel de la Semana Santa 2026, obra de D. Antonio Yepes Flores, al pie del campanario de Santa Mar\u00eda.<\/li>\n\n\n\n<li class=\"has-medium-font-size\"><strong>20:00 h:<\/strong> Preg\u00f3n de la Semana Santa 2026 a cargo de D. Jos\u00e9 Antonio \u00c1lvarez Montes en la Parroquia de Santa Mar\u00eda.<\/li>\n<\/ul>\n\n\n\n<h3 class=\"wp-block-heading has-medium-font-size\">Del 21 al 27 de marzo<\/h3>\n\n\n\n<ul class=\"wp-block-list\">\n<li class=\"has-medium-font-size\"><strong>19:00 h:<\/strong> Septenario a Nuestra Se\u00f1ora de los Dolores en la Parroquia de San Mauro y San Francisco.<\/li>\n\n\n\n<li class=\"has-medium-font-size\"><strong>Viernes 27 de marzo:<\/strong> Al finalizar el septenario, se realizar\u00e1 el <strong>V\u00eda Crucis en la Glorieta<\/strong>, con salida y llegada a la Parroquia de San Mauro y San Francisco.<\/li>\n<\/ul>\n\n\n\n<hr class=\"wp-block-separator has-alpha-channel-opacity\"\/>\n\n\n\n<h2 class=\"wp-block-heading has-large-font-size\">Domingo de Ramos \u2013 29 de marzo<\/h2>\n\n\n\n<h3 class=\"wp-block-heading has-medium-font-size\">Ma\u00f1ana: Procesi\u00f3n de \u00abLa Burreta\u00bb<\/h3>\n\n\n\n<ul class=\"wp-block-list\">\n<li class=\"has-medium-font-size\"><strong>11:15 h:<\/strong> Congregaci\u00f3n en la Parroquia de San Vicente y San Antonio.<\/li>\n\n\n\n<li class=\"has-medium-font-size\"><strong>11:30 h:<\/strong> Salida de la procesi\u00f3n con la imagen de <strong>La Burreta<\/strong> (Organiza: Cofrad\u00eda del Sant\u00edsimo Cristo Agonizante). Itinerario: Sant Nicolau hasta la Glorieta.<\/li>\n\n\n\n<li class=\"has-medium-font-size\"><strong>12:00 h:<\/strong> Bendici\u00f3n de Ramos en la Glorieta. La procesi\u00f3n contin\u00faa por Sant Nicolau, Plaza de Espa\u00f1a y Pintor Casanova hasta Santa Mar\u00eda.<\/li>\n\n\n\n<li class=\"has-medium-font-size\"><strong>12:30 h:<\/strong> Misa en la Parroquia de Santa Mar\u00eda.<\/li>\n<\/ul>\n\n\n\n<h2 class=\"wp-block-heading has-medium-font-size\">Tarde: Procesi\u00f3n del Encuentro y Despedida<\/h2>\n\n\n\n<ul class=\"wp-block-list\">\n<li class=\"has-medium-font-size\"><strong>19:00 h:<\/strong> Misa en la Parroquia de San Mauro y San Francisco.<\/li>\n\n\n\n<li class=\"has-medium-font-size\"><strong>20:30 h:<\/strong> Salida de la <strong>Virgen de los Dolores<\/strong> (desde San Mauro) y de <strong>Nuestro Padre Jes\u00fas Nazareno<\/strong> (desde su capilla en C\/ Sant Blai).<\/li>\n\n\n\n<li class=\"has-medium-font-size\"><strong>21:00 h:<\/strong> Encuentro y despedida en el Cant\u00f3 Piny\u00f3 (Plaza de Espa\u00f1a) con la participaci\u00f3n de la Coral Polif\u00f3nica Alcoyana.<\/li>\n<\/ul>\n\n\n\n<hr class=\"wp-block-separator has-alpha-channel-opacity\"\/>\n\n\n\n<h2 class=\"wp-block-heading\">Mi\u00e9rcoles Santo \u2013 1 de abril<\/h2>\n\n\n\n<ul class=\"wp-block-list\">\n<li><strong>19:00 h:<\/strong> Misa en la Parroquia de San Mauro y San Francisco.<\/li>\n\n\n\n<li><strong>20:00 h:<\/strong> <strong>V\u00eda Crucis del Cristo Crucificado<\/strong>. (Organiza: Cofrad\u00eda del Cristo Yacente y Ntra. Sra. de los Dolores). Itinerario: Plaza Ram\u00f3n y Cajal, Sant Nicolau, Plaza de Espa\u00f1a, Pintor Casanova y Santa Mar\u00eda.<\/li>\n<\/ul>\n\n\n\n<hr class=\"wp-block-separator has-alpha-channel-opacity\"\/>\n\n\n\n<h2 class=\"wp-block-heading\">Jueves Santo \u2013 2 de abril<\/h2>\n\n\n\n<ul class=\"wp-block-list\">\n<li class=\"has-medium-font-size\"><strong>19:00 h:<\/strong> Misa en la Parroquia de San Mauro y San Francisco.<\/li>\n\n\n\n<li class=\"has-medium-font-size\"><strong>21:00 h:<\/strong> <strong>Procesi\u00f3n del Silencio<\/strong> con las im\u00e1genes de la Virgen de la Soledad y el Cristo Crucificado. (Organiza: Cofrad\u00eda del Sant\u00edsimo Cristo Agonizante). Itinerario: Sant Nicolau, Plaza de Espa\u00f1a, Pintor Casanova, Placeta del Fossar y entrada en Santa Mar\u00eda.<\/li>\n<\/ul>\n\n\n\n<hr class=\"wp-block-separator has-alpha-channel-opacity\"\/>\n\n\n\n<h2 class=\"wp-block-heading\">Viernes Santo \u2013 3 de abril<\/h2>\n\n\n\n<ul class=\"wp-block-list\">\n<li class=\"has-medium-font-size\"><strong>17:30 h:<\/strong> Santos Oficios en la Parroquia de Santa Mar\u00eda.<\/li>\n\n\n\n<li class=\"has-medium-font-size\"><strong>19:00 h:<\/strong><strong>Procesi\u00f3n Interparroquial del Santo Entierro<\/strong>. (Organizan: Gremio de Labradores, Cofrad\u00eda del Stmo. Cristo Agonizante y Cofrad\u00eda del Cristo Yacente).\n<ul class=\"wp-block-list\">\n<li class=\"has-medium-font-size\"><em>Recorrido:<\/em> Salida de Santa Mar\u00eda, Pintor Casanova, Sant Blai, Sant Tom\u00e0s, L&#8217;Escola, Moss\u00e9n Torregrosa, Sant Francesc, Plaza Ram\u00f3n y Cajal, Sant Nicolau, Plaza de Espa\u00f1a, Pintor Casanova y final en la Placeta del Fossar con una oraci\u00f3n de gracias.<\/li>\n<\/ul>\n<\/li>\n<\/ul>\n\n\n\n<hr class=\"wp-block-separator has-alpha-channel-opacity\"\/>\n\n\n\n<h2 class=\"wp-block-heading\">S\u00e1bado Santo y Domingo de Resurrecci\u00f3n<\/h2>\n\n\n\n<h3 class=\"wp-block-heading\">S\u00e1bado, 4 de abril<\/h3>\n\n\n\n<ul class=\"wp-block-list\">\n<li class=\"has-medium-font-size\"><strong>20:00 h:<\/strong> Vigilia Pascual en la Parroquia de San Mauro y San Francisco.<\/li>\n<\/ul>\n\n\n\n<h3 class=\"wp-block-heading\">Domingo de Resurrecci\u00f3n, 5 de abril (Los \u00abXiulitets\u00bb)<\/h3>\n\n\n\n<ul class=\"wp-block-list\">\n<li class=\"has-medium-font-size\"><strong>07:30 h:<\/strong> Pasacalle de la \u00abdespert\u00e0\u00bb por la Societat Uni\u00f3 Musical d&#8217;Alcoi desde la Plaza de Espa\u00f1a.<\/li>\n\n\n\n<li class=\"has-medium-font-size\"><strong>08:00 h:<\/strong> <strong>Procesi\u00f3n dels Xiulitets<\/strong>. Encuentro de Cristo Resucitado y la Virgen Mar\u00eda en la Plaza de Ram\u00f3n y Cajal tras una veloz carrera.<\/li>\n\n\n\n<li class=\"has-medium-font-size\"><strong>08:15 h:<\/strong> Misa de Gloria en la Parroquia de San Mauro y San Francisco.<\/li>\n<\/ul>\n\n\n\n<hr class=\"wp-block-separator has-alpha-channel-opacity\"\/>\n\n\n\n<h2 class=\"wp-block-heading\">Informaci\u00f3n Adicional<\/h2>\n\n\n\n<h3 class=\"wp-block-heading\">Exposici\u00f3n de Dioramas<\/h3>\n\n\n\n<p class=\"has-medium-font-size\">La Asociaci\u00f3n Belenista de Santa Rosa organiza una exposici\u00f3n de dioramas de escenas b\u00edblicas en la <strong>Parroquia de Santa Mar\u00eda<\/strong>. Estar\u00e1 abierta desde el d\u00eda del preg\u00f3n hasta el Domingo de Resurrecci\u00f3n en horario de culto.<\/p>\n\n\n\n<h3 class=\"wp-block-heading\">Horarios de Culto en la Parroquia de Santa Mar\u00eda<\/h3>\n\n\n\n<ul class=\"wp-block-list\">\n<li class=\"has-medium-font-size\"><strong>Domingo de Ramos:<\/strong> 10:30 h y 12:15 h.<\/li>\n\n\n\n<li class=\"has-medium-font-size\"><strong>Jueves Santo:<\/strong> Sin culto (Misa de la Cena del Se\u00f1or en San Mauro).<\/li>\n\n\n\n<li class=\"has-medium-font-size\"><strong>Viernes Santo:<\/strong> Laudes (10:00 h), V\u00eda Crucis (10:30 h) y Santos Oficios (17:30 h).<\/li>\n\n\n\n<li class=\"has-medium-font-size\"><strong>S\u00e1bado Santo:<\/strong> Cerrada (Vigilia Pascual en San Mauro).<\/li>\n<\/ul>\n\n\n\n<p><\/p>\n        <div class=\"booster-block booster-reactions-block\">\n            <div class=\"twp-reactions-icons\">\n                \n                <div class=\"twp-reacts-wrap\">\n                    <a react-data=\"be-react-1\" post-id=\"2810\" class=\"be-face-icons un-reacted\" href=\"javascript:void(0)\">\n                        <img decoding=\"async\" src=\"https:\/\/gremiodelabradoresalcoy.com\/wp-content\/plugins\/booster-extension\/\/assets\/icon\/happy.svg\" alt=\"Happy\">\n                    <\/a>\n                    <div class=\"twp-reaction-title\">\n                        Happy                    <\/div>\n                    <div class=\"twp-count-percent\">\n                                                    <span style=\"display: none;\" class=\"twp-react-count\">0<\/span>\n                        \n                                                <span class=\"twp-react-percent\"><span>0<\/span> %<\/span>\n                                            <\/div>\n                <\/div>\n\n                <div class=\"twp-reacts-wrap\">\n                    <a react-data=\"be-react-2\" post-id=\"2810\" class=\"be-face-icons un-reacted\" href=\"javascript:void(0)\">\n                        <img decoding=\"async\" src=\"https:\/\/gremiodelabradoresalcoy.com\/wp-content\/plugins\/booster-extension\/\/assets\/icon\/sad.svg\" alt=\"Sad\">\n                    <\/a>\n                    <div class=\"twp-reaction-title\">\n                        Sad                    <\/div>\n                    <div class=\"twp-count-percent\">\n                                                    <span style=\"display: none;\" class=\"twp-react-count\">0<\/span>\n                                                                        <span class=\"twp-react-percent\"><span>0<\/span> %<\/span>\n                                            <\/div>\n                <\/div>\n\n                <div class=\"twp-reacts-wrap\">\n                    <a react-data=\"be-react-3\" post-id=\"2810\" class=\"be-face-icons un-reacted\" href=\"javascript:void(0)\">\n                        <img decoding=\"async\" src=\"https:\/\/gremiodelabradoresalcoy.com\/wp-content\/plugins\/booster-extension\/\/assets\/icon\/excited.svg\" alt=\"Excited\">\n                    <\/a>\n                    <div class=\"twp-reaction-title\">\n                        Excited                    <\/div>\n                    <div class=\"twp-count-percent\">\n                                                    <span style=\"display: none;\" class=\"twp-react-count\">0<\/span>\n                                                                        <span class=\"twp-react-percent\"><span>0<\/span> %<\/span>\n                                            <\/div>\n                <\/div>\n\n                <div class=\"twp-reacts-wrap\">\n                    <a react-data=\"be-react-6\" post-id=\"2810\" class=\"be-face-icons un-reacted\" href=\"javascript:void(0)\">\n                        <img decoding=\"async\" src=\"https:\/\/gremiodelabradoresalcoy.com\/wp-content\/plugins\/booster-extension\/\/assets\/icon\/sleepy.svg\" alt=\"Sleepy\">\n                    <\/a>\n                    <div class=\"twp-reaction-title\">\n                        Sleepy                    <\/div>\n                    <div class=\"twp-count-percent\">\n                                                    <span style=\"display: none;\" class=\"twp-react-count\">0<\/span>\n                        \n                                                <span class=\"twp-react-percent\"><span>0<\/span> %<\/span>\n                                            <\/div>\n                <\/div>\n\n                <div class=\"twp-reacts-wrap\">\n                    <a react-data=\"be-react-4\" post-id=\"2810\" class=\"be-face-icons un-reacted\" href=\"javascript:void(0)\">\n                        <img decoding=\"async\" src=\"https:\/\/gremiodelabradoresalcoy.com\/wp-content\/plugins\/booster-extension\/\/assets\/icon\/angry.svg\" alt=\"Angry\">\n                    <\/a>\n                    <div class=\"twp-reaction-title\">Angry<\/div>\n                    <div class=\"twp-count-percent\">\n                                                    <span style=\"display: none;\" class=\"twp-react-count\">0<\/span>\n                                                                        <span class=\"twp-react-percent\"><span>0<\/span> %<\/span>\n                        \n                    <\/div>\n                <\/div>\n\n                <div class=\"twp-reacts-wrap\">\n                    <a react-data=\"be-react-5\" post-id=\"2810\" class=\"be-face-icons un-reacted\" href=\"javascript:void(0)\">\n                        <img decoding=\"async\" src=\"https:\/\/gremiodelabradoresalcoy.com\/wp-content\/plugins\/booster-extension\/\/assets\/icon\/surprise.svg\" alt=\"Surprise\">\n                    <\/a>\n                    <div class=\"twp-reaction-title\">Surprise<\/div>\n                    <div class=\"twp-count-percent\">\n                                                    <span style=\"display: none;\" class=\"twp-react-count\">0<\/span>\n                                                                        <span class=\"twp-react-percent\"><span>0<\/span> %<\/span>\n                                            <\/div>\n                <\/div>\n\n            <\/div>\n        <\/div>\n\n    ","protected":false},"excerpt":{"rendered":"<p>La ciudad de Alcoy se prepara para vivir una nueva edici\u00f3n de su Semana Santa, que este a\u00f1o 2026 se celebrar\u00e1 oficialmente del 29 de marzo al 5 de abril. A continuaci\u00f3n, detallamos la programaci\u00f3n completa de actos, cultos y procesiones organizados por las distintas cofrad\u00edas y gremios. Actos Previos Jueves, 12 de marzo Del [&hellip;]<\/p>\n","protected":false},"author":1,"featured_media":2804,"comment_status":"closed","ping_status":"closed","sticky":false,"template":"","format":"standard","meta":{"footnotes":""},"categories":[184],"tags":[185],"class_list":["post-2810","post","type-post","status-publish","format-standard","has-post-thumbnail","hentry","category-semana-santa-2026","tag-semana-santa-2026"],"_links":{"self":[{"href":"https:\/\/gremiodelabradoresalcoy.com\/index.php\/wp-json\/wp\/v2\/posts\/2810","targetHints":{"allow":["GET"]}}],"collection":[{"href":"https:\/\/gremiodelabradoresalcoy.com\/index.php\/wp-json\/wp\/v2\/posts"}],"about":[{"href":"https:\/\/gremiodelabradoresalcoy.com\/index.php\/wp-json\/wp\/v2\/types\/post"}],"author":[{"embeddable":true,"href":"https:\/\/gremiodelabradoresalcoy.com\/index.php\/wp-json\/wp\/v2\/users\/1"}],"replies":[{"embeddable":true,"href":"https:\/\/gremiodelabradoresalcoy.com\/index.php\/wp-json\/wp\/v2\/comments?post=2810"}],"version-history":[{"count":7,"href":"https:\/\/gremiodelabradoresalcoy.com\/index.php\/wp-json\/wp\/v2\/posts\/2810\/revisions"}],"predecessor-version":[{"id":2834,"href":"https:\/\/gremiodelabradoresalcoy.com\/index.php\/wp-json\/wp\/v2\/posts\/2810\/revisions\/2834"}],"wp:featuredmedia":[{"embeddable":true,"href":"https:\/\/gremiodelabradoresalcoy.com\/index.php\/wp-json\/wp\/v2\/media\/2804"}],"wp:attachment":[{"href":"https:\/\/gremiodelabradoresalcoy.com\/index.php\/wp-json\/wp\/v2\/media?parent=2810"}],"wp:term":[{"taxonomy":"category","embeddable":true,"href":"https:\/\/gremiodelabradoresalcoy.com\/index.php\/wp-json\/wp\/v2\/categories?post=2810"},{"taxonomy":"post_tag","embeddable":true,"href":"https:\/\/gremiodelabradoresalcoy.com\/index.php\/wp-json\/wp\/v2\/tags?post=2810"}],"curies":[{"name":"wp","href":"https:\/\/api.w.org\/{rel}","templated":true}]}}